{"id":196,"date":"2026-01-04T20:30:00","date_gmt":"2026-01-04T20:30:00","guid":{"rendered":"http:\/\/cordoba.local\/blog\/?p=196"},"modified":"2026-01-08T08:52:41","modified_gmt":"2026-01-08T08:52:41","slug":"el-periodismo-es-mucho-mas-que-informar-es-compartir-abrir-debate-y-proponer-en-favor-de-la-comunidad","status":"publish","type":"post","link":"https:\/\/cordoba.e-dav.net\/blog\/el-periodismo-es-mucho-mas-que-informar-es-compartir-abrir-debate-y-proponer-en-favor-de-la-comunidad\/","title":{"rendered":"El periodismo es mucho m\u00e1s que informar: es compartir, abrir  debate, y proponer en favor de la comunidad"},"content":{"rendered":"\n<p>Este domingo, en el marco del D\u00eda Nacional del Periodista, el Ayuntamiento de C\u00f3rdoba&nbsp; festej\u00f3 a las y los comunicadores de nuestra ciudad.&nbsp;&nbsp;<\/p>\n\n\n\n<p>El Presidente Municipal, C.P. Manuel Alonso Cerezo, en compa\u00f1\u00eda de su esposa Carolina&nbsp; Mend\u00edvil De Alonso, el Lic. Daniel Rodr\u00edguez Salazar, encargado de la Unidad de&nbsp; Comunicaci\u00f3n Social, Elba Baeza Bonola, directora del Sistema Municipal para el Desarrollo Integral de la Familia (DIF), y el Dr. Luis D\u00edaz Barriga, secretario particular, reconocieron la&nbsp; labor de los periodistas de la regi\u00f3n.&nbsp;&nbsp;<\/p>\n\n\n\n<p>\u201cHoy celebramos el D\u00eda Nacional del Periodista en donde honramos una vocaci\u00f3n&nbsp; profundamente ligada a la verdad, la libertad y el compromiso social. El periodismo es&nbsp; mucho m\u00e1s que informar. Es observar con sentido cr\u00edtico, preguntar con valent\u00eda y narrar&nbsp; con responsabilidad. En cada nota, en cada entrevista, en cada investigaci\u00f3n, el periodista&nbsp; ejerce un derecho fundamental de la sociedad: el derecho de estar informado\u201d, expuso&nbsp; Manuel Alonso Cerezo, primera autoridad de la ciudad.&nbsp;&nbsp;<\/p>\n\n\n\n<p>\u201cHoy reconocemos a quienes ejercen el periodismo con profesionalismo, y pasi\u00f3n, a quienes&nbsp; trabajan desde redacciones, medios digitales, radio, televisi\u00f3n o de manera independiente\u201d,&nbsp; apunt\u00f3 el alcalde. Posteriormente se ofreci\u00f3 un desayuno en conocido hotel de la ciudad,&nbsp; donde autoridades locales convivieron con un nutrido grupo de comunicadores, periodistas&nbsp; y reporteros, enalteciendo su labor.<\/p>\n\n\n\n<div class=\"wp-block-group filaPostCordoba is-content-justification-center is-nowrap is-layout-flex wp-container-core-group-is-layout-cf9dce37 wp-block-group-is-layout-flex\">\n<figure class=\"wp-block-image size-large has-custom-border wp-container-content-9cfa9a5a\" style=\"margin-top:0;margin-right:0;margin-bottom:0;margin-left:0\"><img loading=\"lazy\" decoding=\"async\" width=\"1024\" height=\"683\" src=\"http:\/\/cordoba.local\/blog\/wp-content\/uploads\/2026\/01\/DIA-DEL-PERIODISTA-5-1024x683.jpeg\" alt=\"\" class=\"wp-image-288\" style=\"border-top-left-radius:10px;border-top-right-radius:10px;border-bottom-left-radius:10px;border-bottom-right-radius:10px;aspect-ratio:4\/3;object-fit:cover\" srcset=\"https:\/\/cordoba.e-dav.net\/blog\/wp-content\/uploads\/2026\/01\/DIA-DEL-PERIODISTA-5-1024x683.jpeg 1024w, https:\/\/cordoba.e-dav.net\/blog\/wp-content\/uploads\/2026\/01\/DIA-DEL-PERIODISTA-5-300x200.jpeg 300w, https:\/\/cordoba.e-dav.net\/blog\/wp-content\/uploads\/2026\/01\/DIA-DEL-PERIODISTA-5-768x512.jpeg 768w, https:\/\/cordoba.e-dav.net\/blog\/wp-content\/uploads\/2026\/01\/DIA-DEL-PERIODISTA-5-1536x1025.jpeg 1536w, https:\/\/cordoba.e-dav.net\/blog\/wp-content\/uploads\/2026\/01\/DIA-DEL-PERIODISTA-5.jpeg 2048w\" sizes=\"auto, (max-width: 1024px) 100vw, 1024px\" \/><\/figure>\n\n\n\n<figure class=\"wp-block-image size-large has-custom-border wp-container-content-9cfa9a5a\" style=\"margin-top:0;margin-right:0;margin-bottom:0;margin-left:0\"><img loading=\"lazy\" decoding=\"async\" width=\"1024\" height=\"683\" src=\"http:\/\/cordoba.local\/blog\/wp-content\/uploads\/2026\/01\/DIA-DEL-PERIODISTA-1-1024x683.jpeg\" alt=\"\" class=\"wp-image-286\" style=\"border-top-left-radius:10px;border-top-right-radius:10px;border-bottom-left-radius:10px;border-bottom-right-radius:10px;aspect-ratio:4\/3;object-fit:cover\" srcset=\"https:\/\/cordoba.e-dav.net\/blog\/wp-content\/uploads\/2026\/01\/DIA-DEL-PERIODISTA-1-1024x683.jpeg 1024w, https:\/\/cordoba.e-dav.net\/blog\/wp-content\/uploads\/2026\/01\/DIA-DEL-PERIODISTA-1-300x200.jpeg 300w, https:\/\/cordoba.e-dav.net\/blog\/wp-content\/uploads\/2026\/01\/DIA-DEL-PERIODISTA-1-768x512.jpeg 768w, https:\/\/cordoba.e-dav.net\/blog\/wp-content\/uploads\/2026\/01\/DIA-DEL-PERIODISTA-1-1536x1025.jpeg 1536w, https:\/\/cordoba.e-dav.net\/blog\/wp-content\/uploads\/2026\/01\/DIA-DEL-PERIODISTA-1.jpeg 2048w\" sizes=\"auto, (max-width: 1024px) 100vw, 1024px\" \/><\/figure>\n<\/div>\n\n\n\n<div class=\"wp-block-group fotoGrandePost is-content-justification-center is-nowrap is-layout-flex wp-container-core-group-is-layout-d2282fbb wp-block-group-is-layout-flex\" style=\"border-style:none;border-width:0px;border-top-left-radius:0px;border-top-right-radius:0px;border-bottom-left-radius:0px;border-bottom-right-radius:0px;min-height:0px;margin-top:var(--wp--preset--spacing--20);margin-bottom:0;padding-top:0;padding-right:0;padding-bottom:0;padding-left:0\">\n<figure class=\"wp-block-image size-large has-custom-border wp-container-content-9cfa9a5a\"><img loading=\"lazy\" decoding=\"async\" width=\"1024\" height=\"683\" src=\"http:\/\/cordoba.local\/blog\/wp-content\/uploads\/2026\/01\/DIA-DEL-PERIODISTA-4-1024x683.jpeg\" alt=\"\" class=\"wp-image-287\" style=\"border-style:none;border-width:0px;border-top-left-radius:10px;border-top-right-radius:10px;border-bottom-left-radius:10px;border-bottom-right-radius:10px\" srcset=\"https:\/\/cordoba.e-dav.net\/blog\/wp-content\/uploads\/2026\/01\/DIA-DEL-PERIODISTA-4-1024x683.jpeg 1024w, https:\/\/cordoba.e-dav.net\/blog\/wp-content\/uploads\/2026\/01\/DIA-DEL-PERIODISTA-4-300x200.jpeg 300w, https:\/\/cordoba.e-dav.net\/blog\/wp-content\/uploads\/2026\/01\/DIA-DEL-PERIODISTA-4-768x512.jpeg 768w, https:\/\/cordoba.e-dav.net\/blog\/wp-content\/uploads\/2026\/01\/DIA-DEL-PERIODISTA-4-1536x1024.jpeg 1536w, https:\/\/cordoba.e-dav.net\/blog\/wp-content\/uploads\/2026\/01\/DIA-DEL-PERIODISTA-4.jpeg 1600w\" sizes=\"auto, (max-width: 1024px) 100vw, 1024px\" \/><\/figure>\n<\/div>\n","protected":false},"excerpt":{"rendered":"<p>Este domingo, en el marco del D\u00eda Nacional del Periodista, el Ayuntamiento de C\u00f3rdoba&nbsp; festej\u00f3 a las y los comunicadores de nuestra ciudad.&nbsp;&nbsp; El Presidente Municipal, C.P. Manuel Alonso Cerezo, en compa\u00f1\u00eda de su esposa Carolina&nbsp; Mend\u00edvil De Alonso, el Lic. Daniel Rodr\u00edguez Salazar, encargado de la Unidad de&nbsp; Comunicaci\u00f3n Social, Elba Baeza Bonola, directora [&hellip;]<\/p>\n","protected":false},"author":1,"featured_media":289,"comment_status":"closed","ping_status":"open","sticky":false,"template":"","format":"standard","meta":{"footnotes":""},"categories":[1],"tags":[],"class_list":["post-196","post","type-post","status-publish","format-standard","has-post-thumbnail","hentry","category-uncategorized"],"_links":{"self":[{"href":"https:\/\/cordoba.e-dav.net\/blog\/wp-json\/wp\/v2\/posts\/196","targetHints":{"allow":["GET"]}}],"collection":[{"href":"https:\/\/cordoba.e-dav.net\/blog\/wp-json\/wp\/v2\/posts"}],"about":[{"href":"https:\/\/cordoba.e-dav.net\/blog\/wp-json\/wp\/v2\/types\/post"}],"author":[{"embeddable":true,"href":"https:\/\/cordoba.e-dav.net\/blog\/wp-json\/wp\/v2\/users\/1"}],"replies":[{"embeddable":true,"href":"https:\/\/cordoba.e-dav.net\/blog\/wp-json\/wp\/v2\/comments?post=196"}],"version-history":[{"count":5,"href":"https:\/\/cordoba.e-dav.net\/blog\/wp-json\/wp\/v2\/posts\/196\/revisions"}],"predecessor-version":[{"id":310,"href":"https:\/\/cordoba.e-dav.net\/blog\/wp-json\/wp\/v2\/posts\/196\/revisions\/310"}],"wp:featuredmedia":[{"embeddable":true,"href":"https:\/\/cordoba.e-dav.net\/blog\/wp-json\/wp\/v2\/media\/289"}],"wp:attachment":[{"href":"https:\/\/cordoba.e-dav.net\/blog\/wp-json\/wp\/v2\/media?parent=196"}],"wp:term":[{"taxonomy":"category","embeddable":true,"href":"https:\/\/cordoba.e-dav.net\/blog\/wp-json\/wp\/v2\/categories?post=196"},{"taxonomy":"post_tag","embeddable":true,"href":"https:\/\/cordoba.e-dav.net\/blog\/wp-json\/wp\/v2\/tags?post=196"}],"curies":[{"name":"wp","href":"https:\/\/api.w.org\/{rel}","templated":true}]}}