{"id":293,"date":"2026-01-05T20:30:00","date_gmt":"2026-01-05T20:30:00","guid":{"rendered":"http:\/\/cordoba.local\/blog\/?p=293"},"modified":"2026-01-08T08:52:00","modified_gmt":"2026-01-08T08:52:00","slug":"arranca-el-pago-del-impuesto-predial-y-limpia-publica-2026","status":"publish","type":"post","link":"https:\/\/cordoba.e-dav.net\/blog\/arranca-el-pago-del-impuesto-predial-y-limpia-publica-2026\/","title":{"rendered":"Arranca el Pago del Impuesto Predial y limpia p\u00fablica 2026"},"content":{"rendered":"\n<p>Este lunes 05 de enero de 2026 el Ayuntamiento de C\u00f3rdoba informa que ha comenzado el&nbsp; pago del Impuesto Predial y Limpia P\u00fablica correspondiente al ejercicio fiscal 2026, con el&nbsp; objetivo de fortalecer las finanzas municipales y continuar impulsando acciones y programas&nbsp; en beneficio de C\u00f3rdoba, \u2018Origen de la Independencia\u2019.&nbsp;<\/p>\n\n\n\n<p>Para brindar una mejor atenci\u00f3n a las y los contribuyentes, en los bajos del Palacio Municipal&nbsp; se habilitaron seis cajas generales y dos especiales para personas adultas mayores, adem\u00e1s&nbsp; de un \u00e1rea destinada a la revisi\u00f3n de estados de cuenta, todo con el prop\u00f3sito de agilizar los&nbsp; tr\u00e1mites y ofrecer un servicio ordenado y eficiente.&nbsp;<\/p>\n\n\n\n<p>Para realizar el pago del predial, se deber\u00e1n presentar los siguientes requisitos: copia del&nbsp; recibo del impuesto predial 2025 o INE del propietario, copia de identificaci\u00f3n oficial (INE),&nbsp; copia de resoluci\u00f3n o documento que acredite ser pensionado o jubilado, y copia del acta&nbsp; de matrimonio en caso de pensi\u00f3n por viudez. En caso de contar con varias propiedades, el&nbsp; descuento \u00fanicamente ser\u00e1 aplicable a la casa habitaci\u00f3n en la que se acredite residir,&nbsp; mediante identificaci\u00f3n oficial.&nbsp;<\/p>\n\n\n\n<div class=\"wp-block-group filaPostCordoba is-content-justification-center is-nowrap is-layout-flex wp-container-core-group-is-layout-1f009ccb wp-block-group-is-layout-flex\" style=\"margin-top:var(--wp--preset--spacing--30);margin-bottom:0;padding-top:0;padding-right:0;padding-bottom:0;padding-left:0\">\n<figure class=\"wp-block-image size-large has-custom-border wp-container-content-9cfa9a5a\"><img loading=\"lazy\" decoding=\"async\" width=\"1024\" height=\"683\" src=\"http:\/\/cordoba.local\/blog\/wp-content\/uploads\/2026\/01\/predial-2026-5-enero-4-1024x683.jpeg\" alt=\"\" class=\"wp-image-296\" style=\"border-top-left-radius:10px;border-top-right-radius:10px;border-bottom-left-radius:10px;border-bottom-right-radius:10px;aspect-ratio:4\/3;object-fit:cover\" srcset=\"https:\/\/cordoba.e-dav.net\/blog\/wp-content\/uploads\/2026\/01\/predial-2026-5-enero-4-1024x683.jpeg 1024w, https:\/\/cordoba.e-dav.net\/blog\/wp-content\/uploads\/2026\/01\/predial-2026-5-enero-4-300x200.jpeg 300w, https:\/\/cordoba.e-dav.net\/blog\/wp-content\/uploads\/2026\/01\/predial-2026-5-enero-4-768x512.jpeg 768w, https:\/\/cordoba.e-dav.net\/blog\/wp-content\/uploads\/2026\/01\/predial-2026-5-enero-4-1536x1025.jpeg 1536w, https:\/\/cordoba.e-dav.net\/blog\/wp-content\/uploads\/2026\/01\/predial-2026-5-enero-4.jpeg 2048w\" sizes=\"auto, (max-width: 1024px) 100vw, 1024px\" \/><\/figure>\n\n\n\n<figure class=\"wp-block-image size-large has-custom-border wp-container-content-9cfa9a5a\"><img loading=\"lazy\" decoding=\"async\" width=\"1024\" height=\"683\" src=\"http:\/\/cordoba.local\/blog\/wp-content\/uploads\/2026\/01\/predial-2026-5-enero-3-1024x683.jpeg\" alt=\"\" class=\"wp-image-295\" style=\"border-top-left-radius:10px;border-top-right-radius:10px;border-bottom-left-radius:10px;border-bottom-right-radius:10px;aspect-ratio:4\/3;object-fit:cover\" srcset=\"https:\/\/cordoba.e-dav.net\/blog\/wp-content\/uploads\/2026\/01\/predial-2026-5-enero-3-1024x683.jpeg 1024w, https:\/\/cordoba.e-dav.net\/blog\/wp-content\/uploads\/2026\/01\/predial-2026-5-enero-3-300x200.jpeg 300w, https:\/\/cordoba.e-dav.net\/blog\/wp-content\/uploads\/2026\/01\/predial-2026-5-enero-3-768x512.jpeg 768w, https:\/\/cordoba.e-dav.net\/blog\/wp-content\/uploads\/2026\/01\/predial-2026-5-enero-3-1536x1025.jpeg 1536w, https:\/\/cordoba.e-dav.net\/blog\/wp-content\/uploads\/2026\/01\/predial-2026-5-enero-3.jpeg 2048w\" sizes=\"auto, (max-width: 1024px) 100vw, 1024px\" \/><\/figure>\n<\/div>\n\n\n\n<div class=\"wp-block-group is-content-justification-center is-nowrap is-layout-flex wp-container-core-group-is-layout-f0e5ace8 wp-block-group-is-layout-flex\" style=\"margin-top:var(--wp--preset--spacing--20);margin-bottom:0;padding-top:0;padding-right:0;padding-bottom:0;padding-left:0\">\n<figure class=\"wp-block-image size-large has-custom-border fotoGrandePost wp-container-content-9cfa9a5a\"><img loading=\"lazy\" decoding=\"async\" width=\"1024\" height=\"683\" src=\"http:\/\/cordoba.local\/blog\/wp-content\/uploads\/2026\/01\/predial-2026-5-enero-2-1024x683.jpeg\" alt=\"\" class=\"wp-image-294\" style=\"border-top-left-radius:10px;border-top-right-radius:10px;border-bottom-left-radius:10px;border-bottom-right-radius:10px\" srcset=\"https:\/\/cordoba.e-dav.net\/blog\/wp-content\/uploads\/2026\/01\/predial-2026-5-enero-2-1024x683.jpeg 1024w, https:\/\/cordoba.e-dav.net\/blog\/wp-content\/uploads\/2026\/01\/predial-2026-5-enero-2-300x200.jpeg 300w, https:\/\/cordoba.e-dav.net\/blog\/wp-content\/uploads\/2026\/01\/predial-2026-5-enero-2-768x512.jpeg 768w, https:\/\/cordoba.e-dav.net\/blog\/wp-content\/uploads\/2026\/01\/predial-2026-5-enero-2-1536x1024.jpeg 1536w, https:\/\/cordoba.e-dav.net\/blog\/wp-content\/uploads\/2026\/01\/predial-2026-5-enero-2.jpeg 1600w\" sizes=\"auto, (max-width: 1024px) 100vw, 1024px\" \/><\/figure>\n<\/div>\n\n\n\n<p>Asimismo, se informa que para acceder al descuento del 50% para personas mayores de 60&nbsp; a\u00f1os, deber\u00e1n presentar copia del recibo del impuesto predial 2025 o INE del propietario y&nbsp; copia deidentificaci\u00f3n oficial. Si se solicita el descuento del 50% mediante credencial&nbsp; INAPAM, el valor catastral del inmueble no deber\u00e1 rebasar los $678,840.00 pesos (6,000&nbsp; UMAS). Cabe se\u00f1alar que dicho valor se actualiza en el mes de febrero.&nbsp;<\/p>\n\n\n\n<p>El proceso de cobro es atendido por personal de la Tesorer\u00eda Municipal, bajo la&nbsp; responsabilidad de la tesorera Antonia Reyes Olmos, quien supervisa el correcto&nbsp; funcionamiento de la atenci\u00f3n al p\u00fablico. Se recuerda a la poblaci\u00f3n aprovechar los&nbsp; descuentos vigentes, siendo del 20% para el p\u00fablico en general y del 50% para pensionados,&nbsp; jubilados y personas mayores de 60 a\u00f1os.&nbsp;<\/p>\n\n\n\n<p>Como muestra de compromiso y responsabilidad, el presidente Municipal Manuel Alonso&nbsp; Cerezo realiz\u00f3 su pago correspondiente del impuesto predial, e hizo un llamado a la&nbsp; ciudadan\u00eda a cumplir con esta contribuci\u00f3n, destacando la importancia de la participaci\u00f3n&nbsp; social para el desarrollo del municipio \u201cVamos a ir satisfaciendo las necesidades poco a&nbsp; poco; as\u00ed como ustedes nos dan la confianza, van a contar con nosotros. No les vamos a&nbsp; fallar, pero ni cerca&#8221;, expres\u00f3.&nbsp;<\/p>\n\n\n\n<p>El gobierno municipal reitera su compromiso de administrar los recursos con transparencia&nbsp; y responsabilidad, destin\u00e1ndolos a obras y servicios que contribuyan a mejorar la calidad de&nbsp; vida de las y los ciudadanos.<\/p>\n","protected":false},"excerpt":{"rendered":"<p>Este lunes 05 de enero de 2026 el Ayuntamiento de C\u00f3rdoba informa que ha comenzado el&nbsp; pago del Impuesto Predial y Limpia P\u00fablica correspondiente al ejercicio fiscal 2026, con el&nbsp; objetivo de fortalecer las finanzas municipales y continuar impulsando acciones y programas&nbsp; en beneficio de C\u00f3rdoba, \u2018Origen de la Independencia\u2019.&nbsp; Para brindar una mejor atenci\u00f3n [&hellip;]<\/p>\n","protected":false},"author":1,"featured_media":301,"comment_status":"closed","ping_status":"open","sticky":false,"template":"","format":"standard","meta":{"footnotes":""},"categories":[1],"tags":[],"class_list":["post-293","post","type-post","status-publish","format-standard","has-post-thumbnail","hentry","category-uncategorized"],"_links":{"self":[{"href":"https:\/\/cordoba.e-dav.net\/blog\/wp-json\/wp\/v2\/posts\/293","targetHints":{"allow":["GET"]}}],"collection":[{"href":"https:\/\/cordoba.e-dav.net\/blog\/wp-json\/wp\/v2\/posts"}],"about":[{"href":"https:\/\/cordoba.e-dav.net\/blog\/wp-json\/wp\/v2\/types\/post"}],"author":[{"embeddable":true,"href":"https:\/\/cordoba.e-dav.net\/blog\/wp-json\/wp\/v2\/users\/1"}],"replies":[{"embeddable":true,"href":"https:\/\/cordoba.e-dav.net\/blog\/wp-json\/wp\/v2\/comments?post=293"}],"version-history":[{"count":9,"href":"https:\/\/cordoba.e-dav.net\/blog\/wp-json\/wp\/v2\/posts\/293\/revisions"}],"predecessor-version":[{"id":309,"href":"https:\/\/cordoba.e-dav.net\/blog\/wp-json\/wp\/v2\/posts\/293\/revisions\/309"}],"wp:featuredmedia":[{"embeddable":true,"href":"https:\/\/cordoba.e-dav.net\/blog\/wp-json\/wp\/v2\/media\/301"}],"wp:attachment":[{"href":"https:\/\/cordoba.e-dav.net\/blog\/wp-json\/wp\/v2\/media?parent=293"}],"wp:term":[{"taxonomy":"category","embeddable":true,"href":"https:\/\/cordoba.e-dav.net\/blog\/wp-json\/wp\/v2\/categories?post=293"},{"taxonomy":"post_tag","embeddable":true,"href":"https:\/\/cordoba.e-dav.net\/blog\/wp-json\/wp\/v2\/tags?post=293"}],"curies":[{"name":"wp","href":"https:\/\/api.w.org\/{rel}","templated":true}]}}