{"id":63,"date":"2026-01-02T20:30:00","date_gmt":"2026-01-02T20:30:00","guid":{"rendered":"http:\/\/cordoba.local\/blog\/?p=63"},"modified":"2026-01-08T08:53:05","modified_gmt":"2026-01-08T08:53:05","slug":"instalan-la-primera-sesion-de-las-mesas-de-paz-con-alcaldes-de-la-region","status":"publish","type":"post","link":"https:\/\/cordoba.e-dav.net\/blog\/instalan-la-primera-sesion-de-las-mesas-de-paz-con-alcaldes-de-la-region\/","title":{"rendered":"Instalan la Primera Sesi\u00f3n de las Mesas de Paz con alcaldes de la regi\u00f3n"},"content":{"rendered":"\n<p>Con el objetivo de fortalecer la coordinaci\u00f3n interinstitucional en materia de seguridad y&nbsp; construcci\u00f3n de la paz, se llev\u00f3 a cabo la instalaci\u00f3n de la Primera Sesi\u00f3n de las Mesas de Paz, con la&nbsp; participaci\u00f3n de las y los alcaldes electos de los municipios de Amatl\u00e1n de los Reyes, Chocam\u00e1n,&nbsp; C\u00f3rdoba, Ixhuatl\u00e1n del Caf\u00e9, Tomatl\u00e1n y Yanga.&nbsp;<\/p>\n\n\n\n<p>Esta acci\u00f3n se realiza en cumplimiento del Programa Sectorial de Gobernaci\u00f3n 2025\u20132030 y&nbsp; conforme a lo establecido en el Art\u00edculo 26, Apartado A, mediante el cual el Estado impulsa la&nbsp; estrategia nacional de seguridad p\u00fablica a trav\u00e9s de las Mesas de Paz, promoviendo la coordinaci\u00f3n&nbsp; entre los tres \u00f3rdenes de gobierno.&nbsp;<\/p>\n\n\n\n<div class=\"wp-block-group filaPostCordoba is-horizontal is-nowrap is-layout-flex wp-container-core-group-is-layout-f2207ee4 wp-block-group-is-layout-flex\" style=\"border-style:none;border-width:0px;border-top-left-radius:0px;border-top-right-radius:0px;border-bottom-left-radius:0px;border-bottom-right-radius:0px;min-height:0px;padding-right:0;padding-left:0\">\n<figure class=\"wp-block-image size-large has-custom-border wp-container-content-9cfa9a5a\" style=\"margin-top:0;margin-right:0;margin-bottom:0;margin-left:0\"><img loading=\"lazy\" decoding=\"async\" width=\"1024\" height=\"683\" src=\"http:\/\/cordoba.local\/blog\/wp-content\/uploads\/2026\/01\/MESA-DE-SEGURIDAD-6-1024x683.jpeg\" alt=\"\" class=\"wp-image-264\" style=\"border-style:none;border-width:0px;border-top-left-radius:10px;border-top-right-radius:10px;border-bottom-left-radius:10px;border-bottom-right-radius:10px\" srcset=\"https:\/\/cordoba.e-dav.net\/blog\/wp-content\/uploads\/2026\/01\/MESA-DE-SEGURIDAD-6-1024x683.jpeg 1024w, https:\/\/cordoba.e-dav.net\/blog\/wp-content\/uploads\/2026\/01\/MESA-DE-SEGURIDAD-6-300x200.jpeg 300w, https:\/\/cordoba.e-dav.net\/blog\/wp-content\/uploads\/2026\/01\/MESA-DE-SEGURIDAD-6-768x512.jpeg 768w, https:\/\/cordoba.e-dav.net\/blog\/wp-content\/uploads\/2026\/01\/MESA-DE-SEGURIDAD-6.jpeg 1280w\" sizes=\"auto, (max-width: 1024px) 100vw, 1024px\" \/><\/figure>\n\n\n\n<figure class=\"wp-block-image size-large has-custom-border wp-container-content-9cfa9a5a\"><img loading=\"lazy\" decoding=\"async\" width=\"1024\" height=\"683\" src=\"http:\/\/cordoba.local\/blog\/wp-content\/uploads\/2026\/01\/MESA-DE-SEGURIDAD-3-1024x683.jpeg\" alt=\"\" class=\"wp-image-261\" style=\"border-top-left-radius:10px;border-top-right-radius:10px;border-bottom-left-radius:10px;border-bottom-right-radius:10px\" srcset=\"https:\/\/cordoba.e-dav.net\/blog\/wp-content\/uploads\/2026\/01\/MESA-DE-SEGURIDAD-3-1024x683.jpeg 1024w, https:\/\/cordoba.e-dav.net\/blog\/wp-content\/uploads\/2026\/01\/MESA-DE-SEGURIDAD-3-300x200.jpeg 300w, https:\/\/cordoba.e-dav.net\/blog\/wp-content\/uploads\/2026\/01\/MESA-DE-SEGURIDAD-3-768x512.jpeg 768w, https:\/\/cordoba.e-dav.net\/blog\/wp-content\/uploads\/2026\/01\/MESA-DE-SEGURIDAD-3.jpeg 1280w\" sizes=\"auto, (max-width: 1024px) 100vw, 1024px\" \/><\/figure>\n<\/div>\n\n\n\n<div class=\"wp-block-group fotoGrandePost is-horizontal is-layout-flex wp-container-core-group-is-layout-b1896663 wp-block-group-is-layout-flex\" style=\"padding-right:0;padding-left:0\">\n<figure class=\"wp-block-image size-large has-custom-border wp-container-content-9cfa9a5a\" style=\"margin-top:0;margin-right:0;margin-bottom:0;margin-left:0\"><img loading=\"lazy\" decoding=\"async\" width=\"1024\" height=\"683\" src=\"http:\/\/cordoba.local\/blog\/wp-content\/uploads\/2026\/01\/MESA-DE-SEGURIDAD-5-1024x683.jpeg\" alt=\"\" class=\"wp-image-263\" style=\"border-style:none;border-width:0px;border-top-left-radius:10px;border-top-right-radius:10px;border-bottom-left-radius:10px;border-bottom-right-radius:10px\" srcset=\"https:\/\/cordoba.e-dav.net\/blog\/wp-content\/uploads\/2026\/01\/MESA-DE-SEGURIDAD-5-1024x683.jpeg 1024w, https:\/\/cordoba.e-dav.net\/blog\/wp-content\/uploads\/2026\/01\/MESA-DE-SEGURIDAD-5-300x200.jpeg 300w, https:\/\/cordoba.e-dav.net\/blog\/wp-content\/uploads\/2026\/01\/MESA-DE-SEGURIDAD-5-768x512.jpeg 768w, https:\/\/cordoba.e-dav.net\/blog\/wp-content\/uploads\/2026\/01\/MESA-DE-SEGURIDAD-5.jpeg 1280w\" sizes=\"auto, (max-width: 1024px) 100vw, 1024px\" \/><\/figure>\n<\/div>\n\n\n\n<p>Durante la sesi\u00f3n se destac\u00f3 la importancia de trabajar de manera conjunta y permanente para&nbsp; atender los temas de seguridad, prevenci\u00f3n del delito y bienestar social, priorizando el di\u00e1logo, la&nbsp; cooperaci\u00f3n y el intercambio de informaci\u00f3n entre las autoridades participantes.&nbsp;<\/p>\n\n\n\n<p>Con la finalidad de garantizar un trabajo coordinado por la seguridad y el bienestar de las&nbsp; comunidades, se acord\u00f3 la realizaci\u00f3n de reuniones peri\u00f3dicas en los municipios que integran este&nbsp; grupo regional de seguridad, reforzando as\u00ed las acciones conjuntas en favor de la paz y la tranquilidad&nbsp; de la poblaci\u00f3n.&nbsp;<\/p>\n\n\n\n<p>Las Mesas de Paz se consolidan como un espacio clave para la planeaci\u00f3n, seguimiento y evaluaci\u00f3n&nbsp; de estrategias, reafirmando el compromiso de las autoridades municipales, estatales y federales con&nbsp; la construcci\u00f3n de entornos seguros para las familias de la regi\u00f3n.<\/p>\n","protected":false},"excerpt":{"rendered":"<p>Con el objetivo de fortalecer la coordinaci\u00f3n interinstitucional en materia de seguridad y&nbsp; construcci\u00f3n de la paz, se llev\u00f3 a cabo la instalaci\u00f3n de la Primera Sesi\u00f3n de las Mesas de Paz, con la&nbsp; participaci\u00f3n de las y los alcaldes electos de los municipios de Amatl\u00e1n de los Reyes, Chocam\u00e1n,&nbsp; C\u00f3rdoba, Ixhuatl\u00e1n del Caf\u00e9, Tomatl\u00e1n [&hellip;]<\/p>\n","protected":false},"author":1,"featured_media":259,"comment_status":"open","ping_status":"open","sticky":false,"template":"","format":"standard","meta":{"footnotes":""},"categories":[1],"tags":[],"class_list":["post-63","post","type-post","status-publish","format-standard","has-post-thumbnail","hentry","category-uncategorized"],"_links":{"self":[{"href":"https:\/\/cordoba.e-dav.net\/blog\/wp-json\/wp\/v2\/posts\/63","targetHints":{"allow":["GET"]}}],"collection":[{"href":"https:\/\/cordoba.e-dav.net\/blog\/wp-json\/wp\/v2\/posts"}],"about":[{"href":"https:\/\/cordoba.e-dav.net\/blog\/wp-json\/wp\/v2\/types\/post"}],"author":[{"embeddable":true,"href":"https:\/\/cordoba.e-dav.net\/blog\/wp-json\/wp\/v2\/users\/1"}],"replies":[{"embeddable":true,"href":"https:\/\/cordoba.e-dav.net\/blog\/wp-json\/wp\/v2\/comments?post=63"}],"version-history":[{"count":11,"href":"https:\/\/cordoba.e-dav.net\/blog\/wp-json\/wp\/v2\/posts\/63\/revisions"}],"predecessor-version":[{"id":312,"href":"https:\/\/cordoba.e-dav.net\/blog\/wp-json\/wp\/v2\/posts\/63\/revisions\/312"}],"wp:featuredmedia":[{"embeddable":true,"href":"https:\/\/cordoba.e-dav.net\/blog\/wp-json\/wp\/v2\/media\/259"}],"wp:attachment":[{"href":"https:\/\/cordoba.e-dav.net\/blog\/wp-json\/wp\/v2\/media?parent=63"}],"wp:term":[{"taxonomy":"category","embeddable":true,"href":"https:\/\/cordoba.e-dav.net\/blog\/wp-json\/wp\/v2\/categories?post=63"},{"taxonomy":"post_tag","embeddable":true,"href":"https:\/\/cordoba.e-dav.net\/blog\/wp-json\/wp\/v2\/tags?post=63"}],"curies":[{"name":"wp","href":"https:\/\/api.w.org\/{rel}","templated":true}]}}