{"id":8,"date":"2026-01-01T20:58:55","date_gmt":"2026-01-01T20:58:55","guid":{"rendered":"http:\/\/cordoba.local\/blog\/?p=8"},"modified":"2026-01-08T15:14:00","modified_gmt":"2026-01-08T15:14:00","slug":"arranca-la-administracion-municipal-20262029-en-cordoba-veracruz","status":"publish","type":"post","link":"https:\/\/cordoba.e-dav.net\/blog\/arranca-la-administracion-municipal-20262029-en-cordoba-veracruz\/","title":{"rendered":"Arranca la administraci\u00f3n municipal 2026\u20132029 en C\u00f3rdoba, Veracruz"},"content":{"rendered":"\n<p>Este primero de enero de 2026 se realiz\u00f3 la primera sesi\u00f3n solemne para la instalaci\u00f3n del H.&nbsp; Ayuntamiento 2026-2029 en cumplimiento a lo establecido en la Ley Org\u00e1nica del Municipio Libre&nbsp; para el Estado de Veracruz. De igual forma se llev\u00f3 a cabo la segunda sesi\u00f3n ordinaria de Cabildo de&nbsp; la administraci\u00f3n que encabeza el C.P. Manuel Alonso Cerezo ante todos los miembros del Cabildo&nbsp; quienes aprobaron todos los puntos en ambas sesiones por unanimidad.&nbsp;<\/p>\n\n\n\n<p>Una vez concluida la sesi\u00f3n solemne se procedi\u00f3 a la sesi\u00f3n ordinaria en la de acuerdo con los puntos&nbsp; del d\u00eda se aprobaron los cargos de Secretario, Tesorer\u00eda Municipal, Contralor\u00eda, Comandancia&nbsp; Municipal, Instituto Municipal de la Mujer, Unidad de Transparencia y Obras P\u00fablicas.&nbsp;<\/p>\n\n\n\n<p>Asistieron Manuel Alonso Cerezo, Presidente Municipal, Irene Sedas Gonz\u00e1lez, S\u00edndica \u00danica, Mar\u00eda&nbsp; \u00c1ngela Ordinola Camarillo, Regidora Primera, Jorge Maximiliano Huerta V\u00e1zquez, Regidor Segundo,&nbsp; Glorisel Ixmatlahua Rodr\u00edguez, Regidora Tercera, Itzel L\u00f3pez Gonz\u00e1lez, Regidora Cuarta, Nayibe Sacre&nbsp; Gonz\u00e1lez, Regidora Quinta, Jaqueline Rodr\u00edguez Beristain, Regidora Sexta, Nhesma Faride Telis&nbsp; Arano, Regidora S\u00e9ptima, Claudia Olga de la Huerta Manjarrez, Regidora Octava, Vania L\u00f3pez&nbsp; Gonz\u00e1lez, Regidora Novena, y Jos\u00e9 Javier Medina Rahme, Regidor D\u00e9cimo&nbsp;<\/p>\n\n\n\n<p>El Lic. Carlos F\u00e9lix Hern\u00e1ndez Salgado fue aprobado por unanimidad como Secretario del H.&nbsp; Ayuntamiento de C\u00f3rdoba, y en consecuencia rindi\u00f3 protesta ante el cuerpo edilicio.&nbsp;<\/p>\n\n\n\n<p>Los siguientes cargos tambi\u00e9n fueron aprobados por unanimidad: C.P. Antonia Reyes Olmos como&nbsp; titular de la Tesorer\u00eda Municipal, CP. Juan Vicente \u00c1lvarez Reyes al frente del \u00d3rgano de Control&nbsp; Interno (Contralor\u00eda), Capit\u00e1n Luis \u00c1ngel Vargas Miranda como Comandante Municipal, Lic. M\u00f3nica&nbsp; Ponce Zamudio en la titularidad del Instituto Municipal de la Mujer, Lic. Al\u00e1n Osorio Falc\u00f3n en Unidad&nbsp; de Transparencia, y al Ingeniero Jorge Guzm\u00e1n de la Llave como titular de Obras P\u00fablicas.&nbsp;<\/p>\n\n\n\n<div class=\"wp-block-group filaPostCordoba is-horizontal is-content-justification-center is-nowrap is-layout-flex wp-container-core-group-is-layout-9ee5cf90 wp-block-group-is-layout-flex\" style=\"border-style:none;border-width:0px;border-top-left-radius:0px;border-top-right-radius:0px;border-bottom-left-radius:0px;border-bottom-right-radius:0px;min-height:0px;padding-top:0;padding-right:0;padding-bottom:0;padding-left:0\">\n<figure class=\"wp-block-image size-large has-custom-border is-style-default wp-container-content-9cfa9a5a\" style=\"margin-top:0;margin-right:0;margin-bottom:0;margin-left:0\"><img loading=\"lazy\" decoding=\"async\" width=\"1024\" height=\"683\" src=\"http:\/\/cordoba.local\/blog\/wp-content\/uploads\/2026\/01\/PRIMERA-SESION2026-2-1-1024x683.jpeg\" alt=\"\" class=\"wp-image-230\" style=\"border-style:none;border-width:0px;border-top-left-radius:10px;border-top-right-radius:10px;border-bottom-left-radius:10px;border-bottom-right-radius:10px;aspect-ratio:16\/9;object-fit:cover\" srcset=\"https:\/\/cordoba.e-dav.net\/blog\/wp-content\/uploads\/2026\/01\/PRIMERA-SESION2026-2-1-1024x683.jpeg 1024w, https:\/\/cordoba.e-dav.net\/blog\/wp-content\/uploads\/2026\/01\/PRIMERA-SESION2026-2-1-300x200.jpeg 300w, https:\/\/cordoba.e-dav.net\/blog\/wp-content\/uploads\/2026\/01\/PRIMERA-SESION2026-2-1-768x512.jpeg 768w, https:\/\/cordoba.e-dav.net\/blog\/wp-content\/uploads\/2026\/01\/PRIMERA-SESION2026-2-1.jpeg 1280w\" sizes=\"auto, (max-width: 1024px) 100vw, 1024px\" \/><\/figure>\n\n\n\n<figure class=\"wp-block-image size-large has-custom-border wp-container-content-9cfa9a5a\"><img loading=\"lazy\" decoding=\"async\" width=\"1024\" height=\"683\" src=\"http:\/\/cordoba.local\/blog\/wp-content\/uploads\/2026\/01\/PRIMERA-SESION2026-3-1-1024x683.jpeg\" alt=\"\" class=\"wp-image-231\" style=\"border-top-left-radius:10px;border-top-right-radius:10px;border-bottom-left-radius:10px;border-bottom-right-radius:10px;aspect-ratio:16\/9;object-fit:cover\" srcset=\"https:\/\/cordoba.e-dav.net\/blog\/wp-content\/uploads\/2026\/01\/PRIMERA-SESION2026-3-1-1024x683.jpeg 1024w, https:\/\/cordoba.e-dav.net\/blog\/wp-content\/uploads\/2026\/01\/PRIMERA-SESION2026-3-1-300x200.jpeg 300w, https:\/\/cordoba.e-dav.net\/blog\/wp-content\/uploads\/2026\/01\/PRIMERA-SESION2026-3-1-768x512.jpeg 768w, https:\/\/cordoba.e-dav.net\/blog\/wp-content\/uploads\/2026\/01\/PRIMERA-SESION2026-3-1.jpeg 1280w\" sizes=\"auto, (max-width: 1024px) 100vw, 1024px\" \/><\/figure>\n<\/div>\n\n\n\n<div class=\"wp-block-group fotoGrandePost is-horizontal is-layout-flex wp-container-core-group-is-layout-b1896663 wp-block-group-is-layout-flex\" style=\"padding-right:0;padding-left:0\">\n<figure class=\"wp-block-image size-large has-custom-border wp-container-content-9cfa9a5a\" style=\"margin-top:0;margin-right:0;margin-bottom:0;margin-left:0\"><img loading=\"lazy\" decoding=\"async\" width=\"1024\" height=\"683\" src=\"http:\/\/cordoba.local\/blog\/wp-content\/uploads\/2026\/01\/PRIMERA-SESION2026-1-1024x683.jpeg\" alt=\"\" class=\"wp-image-226\" style=\"border-style:none;border-width:0px;border-top-left-radius:10px;border-top-right-radius:10px;border-bottom-left-radius:10px;border-bottom-right-radius:10px;object-fit:cover\" srcset=\"https:\/\/cordoba.e-dav.net\/blog\/wp-content\/uploads\/2026\/01\/PRIMERA-SESION2026-1-1024x683.jpeg 1024w, https:\/\/cordoba.e-dav.net\/blog\/wp-content\/uploads\/2026\/01\/PRIMERA-SESION2026-1-300x200.jpeg 300w, https:\/\/cordoba.e-dav.net\/blog\/wp-content\/uploads\/2026\/01\/PRIMERA-SESION2026-1-768x512.jpeg 768w, https:\/\/cordoba.e-dav.net\/blog\/wp-content\/uploads\/2026\/01\/PRIMERA-SESION2026-1.jpeg 1280w\" sizes=\"auto, (max-width: 1024px) 100vw, 1024px\" \/><\/figure>\n<\/div>\n\n\n\n<p>De acuerdo con el art\u00edculo 35 de la Ley Org\u00e1nica del Municipio Libre, el Presidente Municipal, C.P.&nbsp; Manuel Alonso Cerezo, design\u00f3 las Comisiones Municipales a las y los Regidores del H. Ayuntamiento&nbsp; de C\u00f3rdoba: las comisiones de Hacienda, Patrimonio, Gobernaci\u00f3n, Reglamentos, Circulares e&nbsp; Igualdad de G\u00e9nero corresponden a la Lic. Irene Sedas Gonz\u00e1lez, S\u00edndica \u00danica.&nbsp;<\/p>\n\n\n\n<p>Mar\u00eda \u00c1ngela Ordinola Camarillo, Regidora Primera, le corresponden las comisiones de Participaci\u00f3n&nbsp; Ciudadana y Vecinal, Desarrollo Social, Humano y Regional, Desarrollo Econ\u00f3mico; a Jorge&nbsp; Maximiliano Huerta V\u00e1zquez, Regidor Segundo, le corresponden las comisiones de Polic\u00eda y&nbsp; Prevenci\u00f3n del Delito, Tr\u00e1nsito y vialidad, y Protecci\u00f3n Civil.<\/p>\n\n\n\n<p>Glorisel Ixmatlahua Rodr\u00edguez, Regidora Tercera, las siguientes comisiones: Comercio, Centrales de&nbsp; Abasto, Mercados y Rastros, Limpia P\u00fablica, Impulso a la Juventud; Itzel L\u00f3pez Gonz\u00e1lez, Regidora&nbsp; Cuarta, las siguientes comisiones: Planeaci\u00f3n del Desarrollo Municipal, Turismo y Transparencia y&nbsp; Acceso a la Informaci\u00f3n.&nbsp;<\/p>\n\n\n\n<p>Nayibe Sacre Gonz\u00e1lez, Regidora Quinta, las siguientes comisiones: Gobernaci\u00f3n, Reglamentos y&nbsp; Circulares, Desempe\u00f1o, y Salud; Jaqueline Rodr\u00edguez Beristain, Regidora Sexta, las siguientes&nbsp; comisiones: Asentamientos Humanos, Fraccionamientos, Licencias y Regularizaci\u00f3n de la Tenencia&nbsp; de la Tierra, Registro Civil, Panteones y Reclutamiento, Agua Potable, Drenaje, Alcantarillado,&nbsp; Tratamiento y Disposici\u00f3n de Aguas Residuales.&nbsp;<\/p>\n\n\n\n<p>Nhesma Faride Telis Arano, Regidora S\u00e9ptima, las siguientes comisiones: Bibliotecas, Fomento a la&nbsp; lectura y Alfabetizaci\u00f3n, Educaci\u00f3n, Recreaci\u00f3n y Cultura, De la ni\u00f1ez y familia; Claudia Olga de la&nbsp; Huerta Manjarrez, Regidora Octava, las siguientes comisiones: Hacienda y Patrimonio Municipal,&nbsp; Actos C\u00edvicos y Fomento Deportivo, y Comunicaciones y Obras P\u00fablicas.&nbsp;<\/p>\n\n\n\n<p>Vania L\u00f3pez Gonz\u00e1lez, Regidora Novena, las siguientes comisiones: Fomento Forestal, Ecolog\u00eda y&nbsp; Medio Ambiente, Fomento Agropecuario y Ornato, Parques, Jardines y Alumbrado; Jos\u00e9 Javier&nbsp; Medina Rahme, Regidor D\u00e9cimo, las siguientes comisiones: Promoci\u00f3n y defensa de los Derechos&nbsp; Humanos, Ciencia y Tecnolog\u00eda, y Poblaci\u00f3n.&nbsp;<\/p>\n\n\n\n<p>Finalmente el Presidente Municipal, Manuel Alonso Cerezo, llam\u00f3 al cuerpo edilicio a la unidad para&nbsp; trabajar en favor de C\u00f3rdoba, \u2018Origen de la Independencia\u2019.<\/p>\n","protected":false},"excerpt":{"rendered":"<p>Este primero de enero de 2026 se realiz\u00f3 la primera sesi\u00f3n solemne para la instalaci\u00f3n del H.&nbsp; Ayuntamiento 2026-2029 en cumplimiento a lo establecido en la Ley Org\u00e1nica del Municipio Libre&nbsp; para el Estado de Veracruz. De igual forma se llev\u00f3 a cabo la segunda sesi\u00f3n ordinaria de Cabildo de&nbsp; la administraci\u00f3n que encabeza el [&hellip;]<\/p>\n","protected":false},"author":1,"featured_media":229,"comment_status":"open","ping_status":"open","sticky":false,"template":"","format":"standard","meta":{"footnotes":""},"categories":[1],"tags":[],"class_list":["post-8","post","type-post","status-publish","format-standard","has-post-thumbnail","hentry","category-uncategorized"],"_links":{"self":[{"href":"https:\/\/cordoba.e-dav.net\/blog\/wp-json\/wp\/v2\/posts\/8","targetHints":{"allow":["GET"]}}],"collection":[{"href":"https:\/\/cordoba.e-dav.net\/blog\/wp-json\/wp\/v2\/posts"}],"about":[{"href":"https:\/\/cordoba.e-dav.net\/blog\/wp-json\/wp\/v2\/types\/post"}],"author":[{"embeddable":true,"href":"https:\/\/cordoba.e-dav.net\/blog\/wp-json\/wp\/v2\/users\/1"}],"replies":[{"embeddable":true,"href":"https:\/\/cordoba.e-dav.net\/blog\/wp-json\/wp\/v2\/comments?post=8"}],"version-history":[{"count":20,"href":"https:\/\/cordoba.e-dav.net\/blog\/wp-json\/wp\/v2\/posts\/8\/revisions"}],"predecessor-version":[{"id":313,"href":"https:\/\/cordoba.e-dav.net\/blog\/wp-json\/wp\/v2\/posts\/8\/revisions\/313"}],"wp:featuredmedia":[{"embeddable":true,"href":"https:\/\/cordoba.e-dav.net\/blog\/wp-json\/wp\/v2\/media\/229"}],"wp:attachment":[{"href":"https:\/\/cordoba.e-dav.net\/blog\/wp-json\/wp\/v2\/media?parent=8"}],"wp:term":[{"taxonomy":"category","embeddable":true,"href":"https:\/\/cordoba.e-dav.net\/blog\/wp-json\/wp\/v2\/categories?post=8"},{"taxonomy":"post_tag","embeddable":true,"href":"https:\/\/cordoba.e-dav.net\/blog\/wp-json\/wp\/v2\/tags?post=8"}],"curies":[{"name":"wp","href":"https:\/\/api.w.org\/{rel}","templated":true}]}}